{"id":10115,"date":"2022-12-09T18:24:38","date_gmt":"2022-12-09T17:24:38","guid":{"rendered":"https:\/\/www.bocairent.org\/?p=10115"},"modified":"2022-12-09T18:25:20","modified_gmt":"2022-12-09T17:25:20","slug":"arranca-el-nadal-a-bocairent-amb-lencesa-de-llums","status":"publish","type":"post","link":"https:\/\/www.bocairent.org\/ca\/2022\/12\/arranca-el-nadal-a-bocairent-amb-lencesa-de-llums\/","title":{"rendered":"Arranca el Nadal a Bocairent"},"content":{"rendered":"<p>Dissabte 10 de desembre arranca oficialment el Nadal a Bocairent amb l&#8217;encesa de l&#8217;enllumenat i la inauguraci\u00f3 del Mercat de Nadal. L&#8217;acte tindr\u00e0 lloc a les 18.30 h i estar\u00e0 amenitzat per la Banda Jove de l&#8217;Associaci\u00f3 Uni\u00f3 Musical de Bocairent.<\/p>\n","protected":false},"excerpt":{"rendered":"<p>Dissabte 10 de desembre arranca oficialment el Nadal a Bocairent amb l&#8217;encesa de l&#8217;enllumenat i la inauguraci\u00f3 del Mercat de Nadal. L&#8217;acte tindr\u00e0 lloc a les 18.30 h i estar\u00e0 amenitzat per la Banda Jove de l&#8217;Associaci\u00f3 Uni\u00f3 Musical de Bocairent.<\/p>\n","protected":false},"author":1,"featured_media":10116,"comment_status":"closed","ping_status":"closed","sticky":false,"template":"","format":"standard","meta":{"footnotes":""},"categories":[145],"tags":[],"class_list":["post-10115","post","type-post","status-publish","format-standard","has-post-thumbnail","hentry","category-noticies"],"_links":{"self":[{"href":"https:\/\/www.bocairent.org\/ca\/wp-json\/wp\/v2\/posts\/10115","targetHints":{"allow":["GET"]}}],"collection":[{"href":"https:\/\/www.bocairent.org\/ca\/wp-json\/wp\/v2\/posts"}],"about":[{"href":"https:\/\/www.bocairent.org\/ca\/wp-json\/wp\/v2\/types\/post"}],"author":[{"embeddable":true,"href":"https:\/\/www.bocairent.org\/ca\/wp-json\/wp\/v2\/users\/1"}],"replies":[{"embeddable":true,"href":"https:\/\/www.bocairent.org\/ca\/wp-json\/wp\/v2\/comments?post=10115"}],"version-history":[{"count":2,"href":"https:\/\/www.bocairent.org\/ca\/wp-json\/wp\/v2\/posts\/10115\/revisions"}],"predecessor-version":[{"id":10120,"href":"https:\/\/www.bocairent.org\/ca\/wp-json\/wp\/v2\/posts\/10115\/revisions\/10120"}],"wp:featuredmedia":[{"embeddable":true,"href":"https:\/\/www.bocairent.org\/ca\/wp-json\/wp\/v2\/media\/10116"}],"wp:attachment":[{"href":"https:\/\/www.bocairent.org\/ca\/wp-json\/wp\/v2\/media?parent=10115"}],"wp:term":[{"taxonomy":"category","embeddable":true,"href":"https:\/\/www.bocairent.org\/ca\/wp-json\/wp\/v2\/categories?post=10115"},{"taxonomy":"post_tag","embeddable":true,"href":"https:\/\/www.bocairent.org\/ca\/wp-json\/wp\/v2\/tags?post=10115"}],"curies":[{"name":"wp","href":"https:\/\/api.w.org\/{rel}","templated":true}]}}