{"id":10167,"date":"2022-12-22T12:52:48","date_gmt":"2022-12-22T11:52:48","guid":{"rendered":"https:\/\/www.bocairent.org\/?p=10167"},"modified":"2022-12-22T12:52:48","modified_gmt":"2022-12-22T11:52:48","slug":"la-cavalcada-de-reis-torna-al-seu-format-tradicional","status":"publish","type":"post","link":"https:\/\/www.bocairent.org\/ca\/2022\/12\/la-cavalcada-de-reis-torna-al-seu-format-tradicional\/","title":{"rendered":"La Cavalcada de Reis torna al seu format tradicional"},"content":{"rendered":"<p>Al 2021 i 2022 la Cavalcada de Reis de Bocairent va canviar el seu format i recorregut per evitar aglomeracions, per\u00f2 sense que es perdera all\u00f2 que m\u00e9s il\u00b7lusiona als m\u00e9s menuts: l&#8217;arribada dels Reis d&#8217;Orient. Enguany la Cavalcada torna al seu format original, amb el recorregut habitual, que acabar\u00e0 en la pla\u00e7a de l&#8217;Ajuntament on els xiquets i xiquetes podran saludar a Ses Majestats.<\/p>\n","protected":false},"excerpt":{"rendered":"<p>Al 2021 i 2022 la Cavalcada de Reis de Bocairent va canviar el seu format i recorregut per evitar aglomeracions, per\u00f2 sense que es perdera all\u00f2 que m\u00e9s il\u00b7lusiona als m\u00e9s menuts: l&#8217;arribada dels Reis d&#8217;Orient. Enguany la Cavalcada torna al seu format original, amb el [&hellip;]<\/p>\n","protected":false},"author":1,"featured_media":10164,"comment_status":"closed","ping_status":"closed","sticky":false,"template":"","format":"standard","meta":{"footnotes":""},"categories":[145],"tags":[],"class_list":["post-10167","post","type-post","status-publish","format-standard","has-post-thumbnail","hentry","category-noticies"],"_links":{"self":[{"href":"https:\/\/www.bocairent.org\/ca\/wp-json\/wp\/v2\/posts\/10167","targetHints":{"allow":["GET"]}}],"collection":[{"href":"https:\/\/www.bocairent.org\/ca\/wp-json\/wp\/v2\/posts"}],"about":[{"href":"https:\/\/www.bocairent.org\/ca\/wp-json\/wp\/v2\/types\/post"}],"author":[{"embeddable":true,"href":"https:\/\/www.bocairent.org\/ca\/wp-json\/wp\/v2\/users\/1"}],"replies":[{"embeddable":true,"href":"https:\/\/www.bocairent.org\/ca\/wp-json\/wp\/v2\/comments?post=10167"}],"version-history":[{"count":1,"href":"https:\/\/www.bocairent.org\/ca\/wp-json\/wp\/v2\/posts\/10167\/revisions"}],"predecessor-version":[{"id":10168,"href":"https:\/\/www.bocairent.org\/ca\/wp-json\/wp\/v2\/posts\/10167\/revisions\/10168"}],"wp:featuredmedia":[{"embeddable":true,"href":"https:\/\/www.bocairent.org\/ca\/wp-json\/wp\/v2\/media\/10164"}],"wp:attachment":[{"href":"https:\/\/www.bocairent.org\/ca\/wp-json\/wp\/v2\/media?parent=10167"}],"wp:term":[{"taxonomy":"category","embeddable":true,"href":"https:\/\/www.bocairent.org\/ca\/wp-json\/wp\/v2\/categories?post=10167"},{"taxonomy":"post_tag","embeddable":true,"href":"https:\/\/www.bocairent.org\/ca\/wp-json\/wp\/v2\/tags?post=10167"}],"curies":[{"name":"wp","href":"https:\/\/api.w.org\/{rel}","templated":true}]}}