{"id":11373,"date":"2024-01-22T10:54:05","date_gmt":"2024-01-22T09:54:05","guid":{"rendered":"https:\/\/www.bocairent.org\/?p=11373"},"modified":"2024-01-22T10:54:05","modified_gmt":"2024-01-22T09:54:05","slug":"programa-dactes-festes-de-moros-i-cristians-2024","status":"publish","type":"post","link":"https:\/\/www.bocairent.org\/ca\/2024\/01\/programa-dactes-festes-de-moros-i-cristians-2024\/","title":{"rendered":"Programa d&#8217;actes Festes de Moros i Cristians 2024"},"content":{"rendered":"<p>Les festes de Moros i Cristians en honor a Sant Blai seran enguany del <strong>3 al 6 de febrer<\/strong>\u00a0per\u00f2 els actes previs comen\u00e7aren ja el 7 de gener. Ac\u00ed teniu el programa d&#8217;actes en pdf.<\/p>\n<p>&nbsp;<\/p>\n<a class=\"button small \" style=\"background-color:#f4ae40 !important;color:#ffffff !important;border:1px solid #f4ae40 !important;\" onclick=\"window.open('https:\/\/www.bocairent.org\/wp-content\/uploads\/2024\/01\/programa-ma-Boc2024-ok.pdf', '_self')\">Programa d&#8217;actes<\/a>\n","protected":false},"excerpt":{"rendered":"<p>Les festes de Moros i Cristians en honor a Sant Blai seran enguany del 3 al 6 de febrer\u00a0per\u00f2 els actes previs comen\u00e7aren ja el 7 de gener. Ac\u00ed teniu el programa d&#8217;actes en pdf. &nbsp;<\/p>\n","protected":false},"author":1,"featured_media":11369,"comment_status":"closed","ping_status":"closed","sticky":false,"template":"","format":"standard","meta":{"footnotes":""},"categories":[145],"tags":[],"class_list":["post-11373","post","type-post","status-publish","format-standard","has-post-thumbnail","hentry","category-noticies"],"_links":{"self":[{"href":"https:\/\/www.bocairent.org\/ca\/wp-json\/wp\/v2\/posts\/11373","targetHints":{"allow":["GET"]}}],"collection":[{"href":"https:\/\/www.bocairent.org\/ca\/wp-json\/wp\/v2\/posts"}],"about":[{"href":"https:\/\/www.bocairent.org\/ca\/wp-json\/wp\/v2\/types\/post"}],"author":[{"embeddable":true,"href":"https:\/\/www.bocairent.org\/ca\/wp-json\/wp\/v2\/users\/1"}],"replies":[{"embeddable":true,"href":"https:\/\/www.bocairent.org\/ca\/wp-json\/wp\/v2\/comments?post=11373"}],"version-history":[{"count":2,"href":"https:\/\/www.bocairent.org\/ca\/wp-json\/wp\/v2\/posts\/11373\/revisions"}],"predecessor-version":[{"id":11375,"href":"https:\/\/www.bocairent.org\/ca\/wp-json\/wp\/v2\/posts\/11373\/revisions\/11375"}],"wp:featuredmedia":[{"embeddable":true,"href":"https:\/\/www.bocairent.org\/ca\/wp-json\/wp\/v2\/media\/11369"}],"wp:attachment":[{"href":"https:\/\/www.bocairent.org\/ca\/wp-json\/wp\/v2\/media?parent=11373"}],"wp:term":[{"taxonomy":"category","embeddable":true,"href":"https:\/\/www.bocairent.org\/ca\/wp-json\/wp\/v2\/categories?post=11373"},{"taxonomy":"post_tag","embeddable":true,"href":"https:\/\/www.bocairent.org\/ca\/wp-json\/wp\/v2\/tags?post=11373"}],"curies":[{"name":"wp","href":"https:\/\/api.w.org\/{rel}","templated":true}]}}