{"id":13228,"date":"2026-02-18T12:34:33","date_gmt":"2026-02-18T11:34:33","guid":{"rendered":"https:\/\/www.bocairent.org\/?p=13228"},"modified":"2026-02-18T12:34:33","modified_gmt":"2026-02-18T11:34:33","slug":"exposicio-fotografica-dedicada-a-la-linea-de-tren-xativa-alcoi","status":"publish","type":"post","link":"https:\/\/www.bocairent.org\/ca\/2026\/02\/exposicio-fotografica-dedicada-a-la-linea-de-tren-xativa-alcoi\/","title":{"rendered":"Exposici\u00f3 fotogr\u00e0fica dedicada a la linea de tren: X\u00e0tiva-Alcoi"},"content":{"rendered":"<h2 class=\"my-2 [&amp;+p]:mt-4 [&amp;_strong:has(+br)]:inline-block [&amp;_strong:has(+br)]:pb-2\" style=\"text-align: center;\">La Sala Joan de Joanes de Bocairent acull aquests dies una exposici\u00f3 fotogr\u00e0fica dedicada a la l\u00ednia de ferrocarril X\u00e0tiva\u2011Alcoi, amb imatges de gran for\u00e7a visual que recorren els paisatges i estacions del tra\u00e7at.<\/h2>\n<h2 id=\"exposici-a-la-sala-joan-de-joanes\" class=\"mb-2 mt-4 [.has-inline-images_&amp;]:clear-end font-sans visRefresh2026AnswerSerif:font-editorial font-semimedium visRefresh2026Fonts:font-bold text-base visRefresh2026Fonts:text-lg first:mt-0 md:text-lg [hr+&amp;]:mt-4\">Exposici\u00f3 a la Sala Joan de Joanes<\/h2>\n<p class=\"my-2 [&amp;+p]:mt-4 [&amp;_strong:has(+br)]:inline-block [&amp;_strong:has(+br)]:pb-2\">Amb el t\u00edtol\u00a0<strong>\u201cPaisatges amb tren: el ferrocarril X\u00e0tiva\u2011Alcoi\u201d<\/strong>, el fot\u00f2graf Gabriel Ma\u00f1ez presenta una selecci\u00f3 de fotografies que posen en valor el patrimoni ferroviari i el seu entorn natural, des de les estacions fins als viaductes i tallats de la serra.<br \/>\nLa mostra es pot visitar a la Sala Joan de Joanes, espai cultural de refer\u00e8ncia situat al carrer Diputat Castell\u00f3 de Bocairent, gestionat per l\u2019Ajuntament per a acollir propostes art\u00edstiques al llarg de l\u2019any.<\/p>\n<h2 id=\"calendari-i-horari-de-visita\" class=\"mb-2 mt-4 [.has-inline-images_&amp;]:clear-end font-sans visRefresh2026AnswerSerif:font-editorial font-semimedium visRefresh2026Fonts:font-bold text-base visRefresh2026Fonts:text-lg first:mt-0 md:text-lg [hr+&amp;]:mt-4\">Calendari i horari de visita<\/h2>\n<p class=\"my-2 [&amp;+p]:mt-4 [&amp;_strong:has(+br)]:inline-block [&amp;_strong:has(+br)]:pb-2\">L\u2019exposici\u00f3 romandr\u00e0 oberta del 14 de febrer a l\u20191 de mar\u00e7, amb horari de visita de dilluns, dimecres, divendres i dissabte de 18.00 a 20.00 h, i diumenge d\u201911.00 a 13.00 h, tal com s\u2019anuncia en la programaci\u00f3 cultural municipal.<\/p>\n<h2 id=\"contingut-i-objectius-de-la-mostra\" class=\"mb-2 mt-4 [.has-inline-images_&amp;]:clear-end font-sans visRefresh2026AnswerSerif:font-editorial font-semimedium visRefresh2026Fonts:font-bold text-base visRefresh2026Fonts:text-lg first:mt-0 md:text-lg [hr+&amp;]:mt-4\">Contingut i objectius de la mostra<\/h2>\n<p class=\"my-2 [&amp;+p]:mt-4 [&amp;_strong:has(+br)]:inline-block [&amp;_strong:has(+br)]:pb-2\">Les imatges de Gabriel Ma\u00f1ez combinen escenes quotidianes del tren amb panor\u00e0miques dels barrancs i muntanyes que travessa la l\u00ednia, mostrant la seua import\u00e0ncia hist\u00f2rica i social per a la comunicaci\u00f3 entre les comarques de la Costera, la Vall d\u2019Albaida i l\u2019Alcoi\u00e0.<br \/>\nL\u2019objectiu de la proposta \u00e9s sensibilitzar sobre el valor paisatg\u00edstic i patrimonial del ferrocarril X\u00e0tiva\u2011Alcoi i convidar la ciutadania a redescobrir\u2011lo com a via sostenible de mobilitat i com a recurs tur\u00edstic de primer ordre per a la zona.<\/p>\n","protected":false},"excerpt":{"rendered":"<p>La Sala Joan de Joanes de Bocairent acull aquests dies una exposici\u00f3 fotogr\u00e0fica dedicada a la l\u00ednia de ferrocarril X\u00e0tiva\u2011Alcoi, amb imatges de gran for\u00e7a visual que recorren els paisatges i estacions del tra\u00e7at. Exposici\u00f3 a la Sala Joan de Joanes Amb el t\u00edtol\u00a0\u201cPaisatges amb tren: [&hellip;]<\/p>\n","protected":false},"author":2,"featured_media":13225,"comment_status":"closed","ping_status":"closed","sticky":false,"template":"","format":"standard","meta":{"footnotes":""},"categories":[145],"tags":[],"class_list":["post-13228","post","type-post","status-publish","format-standard","has-post-thumbnail","hentry","category-noticies"],"_links":{"self":[{"href":"https:\/\/www.bocairent.org\/ca\/wp-json\/wp\/v2\/posts\/13228","targetHints":{"allow":["GET"]}}],"collection":[{"href":"https:\/\/www.bocairent.org\/ca\/wp-json\/wp\/v2\/posts"}],"about":[{"href":"https:\/\/www.bocairent.org\/ca\/wp-json\/wp\/v2\/types\/post"}],"author":[{"embeddable":true,"href":"https:\/\/www.bocairent.org\/ca\/wp-json\/wp\/v2\/users\/2"}],"replies":[{"embeddable":true,"href":"https:\/\/www.bocairent.org\/ca\/wp-json\/wp\/v2\/comments?post=13228"}],"version-history":[{"count":1,"href":"https:\/\/www.bocairent.org\/ca\/wp-json\/wp\/v2\/posts\/13228\/revisions"}],"predecessor-version":[{"id":13229,"href":"https:\/\/www.bocairent.org\/ca\/wp-json\/wp\/v2\/posts\/13228\/revisions\/13229"}],"wp:featuredmedia":[{"embeddable":true,"href":"https:\/\/www.bocairent.org\/ca\/wp-json\/wp\/v2\/media\/13225"}],"wp:attachment":[{"href":"https:\/\/www.bocairent.org\/ca\/wp-json\/wp\/v2\/media?parent=13228"}],"wp:term":[{"taxonomy":"category","embeddable":true,"href":"https:\/\/www.bocairent.org\/ca\/wp-json\/wp\/v2\/categories?post=13228"},{"taxonomy":"post_tag","embeddable":true,"href":"https:\/\/www.bocairent.org\/ca\/wp-json\/wp\/v2\/tags?post=13228"}],"curies":[{"name":"wp","href":"https:\/\/api.w.org\/{rel}","templated":true}]}}