{"id":6278,"date":"2020-07-27T13:11:58","date_gmt":"2020-07-27T11:11:58","guid":{"rendered":"https:\/\/www.bocairent.org\/?p=6278"},"modified":"2020-08-05T13:44:13","modified_gmt":"2020-08-05T11:44:13","slug":"rutes-i-visites-guiades-durant-agost","status":"publish","type":"post","link":"https:\/\/www.bocairent.org\/ca\/2020\/07\/rutes-i-visites-guiades-durant-agost\/","title":{"rendered":"Rutes i visites guiades durant l&#8217;agost"},"content":{"rendered":"<p><em>Indicacions de funcionament, seguretat i higiene:<\/em><\/p>\n<ul>\n<li>Places limitades.<\/li>\n<li>Inscripcions a trav\u00e9s del correu <a href=\"mailto:bocairent@touristinfo.net\">bocairent@touristinfo.net<\/a> o del tel\u00e8fon 962 905 062.<\/li>\n<li>Respecte a la dist\u00e0ncia de seguretat (1,5 m).<\/li>\n<\/ul>\n<p><strong>VISITES GUIADES<\/strong><\/p>\n<ul>\n<li>01\/08\/2020:\u00a0<strong>El capvespre a Bocairent<\/strong>.\u00a0Pla\u00e7a de l\u2019Ajuntament \u2022 20.00 hores \u2022 4 euros<\/li>\n<li>05\/08\/2020:\u00a0<strong>Les ermites del Barri Medieval de Bocairent\u2028<\/strong>. Pla\u00e7a de l\u2019Ajuntament \u2022 20.00 hores \u2022 4 euros<\/li>\n<li>07\/08\/2020:\u00a0<strong>Posta de sol a l\u2019ermita de Sant Crist<\/strong>. \u2028Pla\u00e7a de l\u2019Ajuntament \u2022 20.00 hores \u2022 4 euros<\/li>\n<li>12\/08\/2020:\u00a0<strong>Senderisme d\u2019estels<\/strong>.\u00a0C\u00e0mping Mariola \u2022 20.00 hores \u2022 4 euros<\/li>\n<li>15\/08\/2020:\u00a0<strong>El capvespre a Bocairent<\/strong>.\u00a0Pla\u00e7a de l\u2019Ajuntament \u2022 20.00 hores \u2022 4 euros<\/li>\n<li>19\/08\/2020:\u00a0<strong>Bocairent i l\u2019aigua<\/strong>.\u00a0Pla\u00e7a de l\u2019Ajuntament \u2022 20.00 hores \u2022 4 euros<\/li>\n<li>21\/08\/2020:\u00a0<strong>El capvespre a la Torreta de Mariola<\/strong>.\u00a0C\u00e0mping Mariola \u2022 20.00 hores \u2022 4 euros<\/li>\n<li>26\/08\/2020:\u00a0<strong>Les ermites de Bocairent<\/strong>.\u00a0Pla\u00e7a de l\u2019Ajuntament \u2022 20.00 hores \u2022 4 euros<\/li>\n<li>29\/08\/2020:\u00a0<strong>El capvespre a Bocairent<\/strong>.\u00a0Pla\u00e7a de l\u2019Ajuntament \u2022 20.00 hores \u2022 4 euros<\/li>\n<\/ul>\n\n\t\t<style type=\"text\/css\">\n\t\t\t#gallery-1 {\n\t\t\t\tmargin: auto;\n\t\t\t}\n\t\t\t#gallery-1 .gallery-item {\n\t\t\t\tfloat: left;\n\t\t\t\tmargin-top: 10px;\n\t\t\t\ttext-align: center;\n\t\t\t\twidth: 25%;\n\t\t\t}\n\t\t\t#gallery-1 img {\n\t\t\t\tborder: 2px solid #cfcfcf;\n\t\t\t}\n\t\t\t#gallery-1 .gallery-caption {\n\t\t\t\tmargin-left: 0;\n\t\t\t}\n\t\t\t\/* see gallery_shortcode() in wp-includes\/media.php *\/\n\t\t<\/style>\n\t\t<div id='gallery-1' class='gallery galleryid-6278 gallery-columns-4 gallery-size-medium'><dl class='gallery-item'>\n\t\t\t<dt class='gallery-icon portrait'>\n\t\t\t\t<a href='https:\/\/www.bocairent.org\/ca\/2020\/07\/rutes-i-visites-guiades-durant-agost\/cart_5_agost_2020_ermites-2\/'><img loading=\"lazy\" decoding=\"async\" width=\"200\" height=\"300\" src=\"https:\/\/www.bocairent.org\/wp-content\/uploads\/2020\/07\/CART_5_agost_2020_Ermites-200x300.jpg\" class=\"attachment-medium size-medium\" alt=\"\" srcset=\"https:\/\/www.bocairent.org\/wp-content\/uploads\/2020\/07\/CART_5_agost_2020_Ermites-200x300.jpg 200w, https:\/\/www.bocairent.org\/wp-content\/uploads\/2020\/07\/CART_5_agost_2020_Ermites-100x150.jpg 100w, https:\/\/www.bocairent.org\/wp-content\/uploads\/2020\/07\/CART_5_agost_2020_Ermites-683x1024.jpg 683w, https:\/\/www.bocairent.org\/wp-content\/uploads\/2020\/07\/CART_5_agost_2020_Ermites-440x660.jpg 440w, https:\/\/www.bocairent.org\/wp-content\/uploads\/2020\/07\/CART_5_agost_2020_Ermites.jpg 851w\" sizes=\"auto, (max-width: 200px) 100vw, 200px\" \/><\/a>\n\t\t\t<\/dt><\/dl><dl class='gallery-item'>\n\t\t\t<dt class='gallery-icon portrait'>\n\t\t\t\t<a href='https:\/\/www.bocairent.org\/ca\/2020\/07\/rutes-i-visites-guiades-durant-agost\/cart_7_agost_2020_santcrist-2\/'><img loading=\"lazy\" decoding=\"async\" width=\"200\" height=\"300\" src=\"https:\/\/www.bocairent.org\/wp-content\/uploads\/2020\/07\/CART_7_agost_2020_SantCrist-200x300.jpg\" class=\"attachment-medium size-medium\" alt=\"\" srcset=\"https:\/\/www.bocairent.org\/wp-content\/uploads\/2020\/07\/CART_7_agost_2020_SantCrist-200x300.jpg 200w, https:\/\/www.bocairent.org\/wp-content\/uploads\/2020\/07\/CART_7_agost_2020_SantCrist-100x150.jpg 100w, https:\/\/www.bocairent.org\/wp-content\/uploads\/2020\/07\/CART_7_agost_2020_SantCrist-683x1024.jpg 683w, https:\/\/www.bocairent.org\/wp-content\/uploads\/2020\/07\/CART_7_agost_2020_SantCrist-440x660.jpg 440w, https:\/\/www.bocairent.org\/wp-content\/uploads\/2020\/07\/CART_7_agost_2020_SantCrist.jpg 851w\" sizes=\"auto, (max-width: 200px) 100vw, 200px\" \/><\/a>\n\t\t\t<\/dt><\/dl><dl class='gallery-item'>\n\t\t\t<dt class='gallery-icon portrait'>\n\t\t\t\t<a href='https:\/\/www.bocairent.org\/ca\/2020\/07\/rutes-i-visites-guiades-durant-agost\/cart_12_agost_2020_nit-2\/'><img loading=\"lazy\" decoding=\"async\" width=\"200\" height=\"300\" src=\"https:\/\/www.bocairent.org\/wp-content\/uploads\/2020\/07\/CART_12_agost_2020_Nit-200x300.jpg\" class=\"attachment-medium size-medium\" alt=\"\" srcset=\"https:\/\/www.bocairent.org\/wp-content\/uploads\/2020\/07\/CART_12_agost_2020_Nit-200x300.jpg 200w, https:\/\/www.bocairent.org\/wp-content\/uploads\/2020\/07\/CART_12_agost_2020_Nit-100x150.jpg 100w, https:\/\/www.bocairent.org\/wp-content\/uploads\/2020\/07\/CART_12_agost_2020_Nit-683x1024.jpg 683w, https:\/\/www.bocairent.org\/wp-content\/uploads\/2020\/07\/CART_12_agost_2020_Nit-440x660.jpg 440w, https:\/\/www.bocairent.org\/wp-content\/uploads\/2020\/07\/CART_12_agost_2020_Nit.jpg 851w\" sizes=\"auto, (max-width: 200px) 100vw, 200px\" \/><\/a>\n\t\t\t<\/dt><\/dl><dl class='gallery-item'>\n\t\t\t<dt class='gallery-icon portrait'>\n\t\t\t\t<a href='https:\/\/www.bocairent.org\/ca\/2020\/07\/rutes-i-visites-guiades-durant-agost\/cart_15_agost_2020_capvespre-2\/'><img loading=\"lazy\" decoding=\"async\" width=\"200\" height=\"300\" src=\"https:\/\/www.bocairent.org\/wp-content\/uploads\/2020\/07\/CART_15_agost_2020_Capvespre-200x300.jpg\" class=\"attachment-medium size-medium\" alt=\"\" srcset=\"https:\/\/www.bocairent.org\/wp-content\/uploads\/2020\/07\/CART_15_agost_2020_Capvespre-200x300.jpg 200w, https:\/\/www.bocairent.org\/wp-content\/uploads\/2020\/07\/CART_15_agost_2020_Capvespre-100x150.jpg 100w, https:\/\/www.bocairent.org\/wp-content\/uploads\/2020\/07\/CART_15_agost_2020_Capvespre-683x1024.jpg 683w, https:\/\/www.bocairent.org\/wp-content\/uploads\/2020\/07\/CART_15_agost_2020_Capvespre-440x660.jpg 440w, https:\/\/www.bocairent.org\/wp-content\/uploads\/2020\/07\/CART_15_agost_2020_Capvespre.jpg 851w\" sizes=\"auto, (max-width: 200px) 100vw, 200px\" \/><\/a>\n\t\t\t<\/dt><\/dl><br style=\"clear: both\" \/><dl class='gallery-item'>\n\t\t\t<dt class='gallery-icon portrait'>\n\t\t\t\t<a href='https:\/\/www.bocairent.org\/ca\/2020\/07\/rutes-i-visites-guiades-durant-agost\/cart_19_agost_2020_aigua-2\/'><img loading=\"lazy\" decoding=\"async\" width=\"200\" height=\"300\" src=\"https:\/\/www.bocairent.org\/wp-content\/uploads\/2020\/07\/CART_19_agost_2020_Aigua-200x300.jpg\" class=\"attachment-medium size-medium\" alt=\"\" srcset=\"https:\/\/www.bocairent.org\/wp-content\/uploads\/2020\/07\/CART_19_agost_2020_Aigua-200x300.jpg 200w, https:\/\/www.bocairent.org\/wp-content\/uploads\/2020\/07\/CART_19_agost_2020_Aigua-100x150.jpg 100w, https:\/\/www.bocairent.org\/wp-content\/uploads\/2020\/07\/CART_19_agost_2020_Aigua-683x1024.jpg 683w, https:\/\/www.bocairent.org\/wp-content\/uploads\/2020\/07\/CART_19_agost_2020_Aigua-440x660.jpg 440w, https:\/\/www.bocairent.org\/wp-content\/uploads\/2020\/07\/CART_19_agost_2020_Aigua.jpg 851w\" sizes=\"auto, (max-width: 200px) 100vw, 200px\" \/><\/a>\n\t\t\t<\/dt><\/dl><dl class='gallery-item'>\n\t\t\t<dt class='gallery-icon portrait'>\n\t\t\t\t<a href='https:\/\/www.bocairent.org\/ca\/2020\/07\/rutes-i-visites-guiades-durant-agost\/cart_21_agost_2020_cabeco-2\/'><img loading=\"lazy\" decoding=\"async\" width=\"200\" height=\"300\" src=\"https:\/\/www.bocairent.org\/wp-content\/uploads\/2020\/07\/CART_21_agost_2020_Cabeco-200x300.jpg\" class=\"attachment-medium size-medium\" alt=\"\" srcset=\"https:\/\/www.bocairent.org\/wp-content\/uploads\/2020\/07\/CART_21_agost_2020_Cabeco-200x300.jpg 200w, https:\/\/www.bocairent.org\/wp-content\/uploads\/2020\/07\/CART_21_agost_2020_Cabeco-100x150.jpg 100w, https:\/\/www.bocairent.org\/wp-content\/uploads\/2020\/07\/CART_21_agost_2020_Cabeco-683x1024.jpg 683w, https:\/\/www.bocairent.org\/wp-content\/uploads\/2020\/07\/CART_21_agost_2020_Cabeco-440x660.jpg 440w, https:\/\/www.bocairent.org\/wp-content\/uploads\/2020\/07\/CART_21_agost_2020_Cabeco.jpg 851w\" sizes=\"auto, (max-width: 200px) 100vw, 200px\" \/><\/a>\n\t\t\t<\/dt><\/dl><dl class='gallery-item'>\n\t\t\t<dt class='gallery-icon portrait'>\n\t\t\t\t<a href='https:\/\/www.bocairent.org\/ca\/2020\/07\/rutes-i-visites-guiades-durant-agost\/cart_26_agost_2020_ermites-2\/'><img loading=\"lazy\" decoding=\"async\" width=\"200\" height=\"300\" src=\"https:\/\/www.bocairent.org\/wp-content\/uploads\/2020\/07\/CART_26_agost_2020_Ermites-200x300.jpg\" class=\"attachment-medium size-medium\" alt=\"\" srcset=\"https:\/\/www.bocairent.org\/wp-content\/uploads\/2020\/07\/CART_26_agost_2020_Ermites-200x300.jpg 200w, https:\/\/www.bocairent.org\/wp-content\/uploads\/2020\/07\/CART_26_agost_2020_Ermites-100x150.jpg 100w, https:\/\/www.bocairent.org\/wp-content\/uploads\/2020\/07\/CART_26_agost_2020_Ermites-683x1024.jpg 683w, https:\/\/www.bocairent.org\/wp-content\/uploads\/2020\/07\/CART_26_agost_2020_Ermites-440x660.jpg 440w, https:\/\/www.bocairent.org\/wp-content\/uploads\/2020\/07\/CART_26_agost_2020_Ermites.jpg 851w\" sizes=\"auto, (max-width: 200px) 100vw, 200px\" \/><\/a>\n\t\t\t<\/dt><\/dl><dl class='gallery-item'>\n\t\t\t<dt class='gallery-icon portrait'>\n\t\t\t\t<a href='https:\/\/www.bocairent.org\/ca\/2020\/07\/rutes-i-visites-guiades-durant-agost\/cart_29_agost_2020_capvespre-2\/'><img loading=\"lazy\" decoding=\"async\" width=\"200\" height=\"300\" src=\"https:\/\/www.bocairent.org\/wp-content\/uploads\/2020\/07\/CART_29_agost_2020_Capvespre-200x300.jpg\" class=\"attachment-medium size-medium\" alt=\"\" srcset=\"https:\/\/www.bocairent.org\/wp-content\/uploads\/2020\/07\/CART_29_agost_2020_Capvespre-200x300.jpg 200w, https:\/\/www.bocairent.org\/wp-content\/uploads\/2020\/07\/CART_29_agost_2020_Capvespre-100x150.jpg 100w, https:\/\/www.bocairent.org\/wp-content\/uploads\/2020\/07\/CART_29_agost_2020_Capvespre-683x1024.jpg 683w, https:\/\/www.bocairent.org\/wp-content\/uploads\/2020\/07\/CART_29_agost_2020_Capvespre-440x660.jpg 440w, https:\/\/www.bocairent.org\/wp-content\/uploads\/2020\/07\/CART_29_agost_2020_Capvespre.jpg 851w\" sizes=\"auto, (max-width: 200px) 100vw, 200px\" \/><\/a>\n\t\t\t<\/dt><\/dl><br style=\"clear: both\" \/>\n\t\t<\/div>\n\n","protected":false},"excerpt":{"rendered":"<p>Indicacions de funcionament, seguretat i higiene: Places limitades. Inscripcions a trav\u00e9s del correu bocairent@touristinfo.net o del tel\u00e8fon 962 905 062. Respecte a la dist\u00e0ncia de seguretat (1,5 m). VISITES GUIADES 01\/08\/2020:\u00a0El capvespre a Bocairent.\u00a0Pla\u00e7a de l\u2019Ajuntament \u2022 20.00 hores \u2022 4 euros 05\/08\/2020:\u00a0Les ermites del Barri [&hellip;]<\/p>\n","protected":false},"author":1,"featured_media":3500,"comment_status":"closed","ping_status":"closed","sticky":false,"template":"","format":"standard","meta":{"footnotes":""},"categories":[145],"tags":[44,146,213],"class_list":["post-6278","post","type-post","status-publish","format-standard","has-post-thumbnail","hentry","category-noticies","tag-bocairent","tag-bocairent-ca","tag-visites-guiades"],"_links":{"self":[{"href":"https:\/\/www.bocairent.org\/ca\/wp-json\/wp\/v2\/posts\/6278","targetHints":{"allow":["GET"]}}],"collection":[{"href":"https:\/\/www.bocairent.org\/ca\/wp-json\/wp\/v2\/posts"}],"about":[{"href":"https:\/\/www.bocairent.org\/ca\/wp-json\/wp\/v2\/types\/post"}],"author":[{"embeddable":true,"href":"https:\/\/www.bocairent.org\/ca\/wp-json\/wp\/v2\/users\/1"}],"replies":[{"embeddable":true,"href":"https:\/\/www.bocairent.org\/ca\/wp-json\/wp\/v2\/comments?post=6278"}],"version-history":[{"count":5,"href":"https:\/\/www.bocairent.org\/ca\/wp-json\/wp\/v2\/posts\/6278\/revisions"}],"predecessor-version":[{"id":6317,"href":"https:\/\/www.bocairent.org\/ca\/wp-json\/wp\/v2\/posts\/6278\/revisions\/6317"}],"wp:featuredmedia":[{"embeddable":true,"href":"https:\/\/www.bocairent.org\/ca\/wp-json\/wp\/v2\/media\/3500"}],"wp:attachment":[{"href":"https:\/\/www.bocairent.org\/ca\/wp-json\/wp\/v2\/media?parent=6278"}],"wp:term":[{"taxonomy":"category","embeddable":true,"href":"https:\/\/www.bocairent.org\/ca\/wp-json\/wp\/v2\/categories?post=6278"},{"taxonomy":"post_tag","embeddable":true,"href":"https:\/\/www.bocairent.org\/ca\/wp-json\/wp\/v2\/tags?post=6278"}],"curies":[{"name":"wp","href":"https:\/\/api.w.org\/{rel}","templated":true}]}}