{"id":6284,"date":"2020-07-26T13:28:26","date_gmt":"2020-07-26T11:28:26","guid":{"rendered":"https:\/\/www.bocairent.org\/?p=6284"},"modified":"2020-09-15T13:45:41","modified_gmt":"2020-09-15T11:45:41","slug":"activitats-culturals-durant-lagost","status":"publish","type":"post","link":"https:\/\/www.bocairent.org\/ca\/2020\/07\/activitats-culturals-durant-lagost\/","title":{"rendered":"Activitats culturals durant l\u2019agost"},"content":{"rendered":"<ul>\n<li>01\/08\/2020<br \/>\nDANSA A\u00c8RIA FAMILIAR. <strong>The Audition<\/strong>, a c\u00e0rrec de Xa Teatre<br \/>\nPla\u00e7a de Bous \u2022 20.00 hores \u2022 1 euro (xiquetes i xiquets) i 2 euros (adults)<\/li>\n<li>08\/08\/2020<br \/>\nCINE D\u2019ESTIU. Projecci\u00f3 de la pel\u00b7l\u00edcula <strong>Perdiendo el este<\/strong>.\u00a0Pel\u00b7l\u00edcula recomanada a partir de 7 anys<br \/>\nPla\u00e7a de Bous \u2022 23.00 hores \u2022 Acc\u00e9s gratu\u00eft amb invitaci\u00f3<\/li>\n<li>15\/08\/2020<br \/>\nMUSICAL FAMILIAR. <strong>Charlie i la f\u00e0brica del reciclatge<\/strong>, a c\u00e0rrec d\u2019ALTV Producciones<br \/>\nPla\u00e7a de Bous \u2022 20.00 hores \u2022 1 euro (xiquetes i xiquets) i 2 euros (adults)<\/li>\n<li>21\/08\/2020<br \/>\nESPECTACLE D\u2019HUMOR. <strong>Riure en valenci\u00e0<\/strong>, a c\u00e0rrec de Maria Juan i Pepa Cases<br \/>\nPla\u00e7a de Bous \u2022 23.00 hores \u2022 3 euros<\/li>\n<li>24\/08\/2020 &#8211; 25\/08\/2020 &#8211; 26\/08\/2020<br \/>\nCONTACONTES FAMILIAR. <strong>Sant Agust\u00ed de Conte<\/strong>, a c\u00e0rrec de narradores i narradors diferents cada dia<br \/>\nPla\u00e7a de Bous \u2022 20.00 hores \u2022 Acc\u00e9s gratu\u00eft amb invitaci\u00f3 Organitza: Junta de Majorals de Sant Agust\u00ed<\/li>\n<\/ul>\n","protected":false},"excerpt":{"rendered":"<p>01\/08\/2020 DANSA A\u00c8RIA FAMILIAR. The Audition, a c\u00e0rrec de Xa Teatre Pla\u00e7a de Bous \u2022 20.00 hores \u2022 1 euro (xiquetes i xiquets) i 2 euros (adults) 08\/08\/2020 CINE D\u2019ESTIU. Projecci\u00f3 de la pel\u00b7l\u00edcula Perdiendo el este.\u00a0Pel\u00b7l\u00edcula recomanada a partir de 7 anys Pla\u00e7a de Bous [&hellip;]<\/p>\n","protected":false},"author":1,"featured_media":6287,"comment_status":"closed","ping_status":"closed","sticky":false,"template":"","format":"standard","meta":{"footnotes":""},"categories":[145],"tags":[215,214],"class_list":["post-6284","post","type-post","status-publish","format-standard","has-post-thumbnail","hentry","category-noticies","tag-cultura-bocairent","tag-programacio-cultural-agost"],"_links":{"self":[{"href":"https:\/\/www.bocairent.org\/ca\/wp-json\/wp\/v2\/posts\/6284","targetHints":{"allow":["GET"]}}],"collection":[{"href":"https:\/\/www.bocairent.org\/ca\/wp-json\/wp\/v2\/posts"}],"about":[{"href":"https:\/\/www.bocairent.org\/ca\/wp-json\/wp\/v2\/types\/post"}],"author":[{"embeddable":true,"href":"https:\/\/www.bocairent.org\/ca\/wp-json\/wp\/v2\/users\/1"}],"replies":[{"embeddable":true,"href":"https:\/\/www.bocairent.org\/ca\/wp-json\/wp\/v2\/comments?post=6284"}],"version-history":[{"count":1,"href":"https:\/\/www.bocairent.org\/ca\/wp-json\/wp\/v2\/posts\/6284\/revisions"}],"predecessor-version":[{"id":6286,"href":"https:\/\/www.bocairent.org\/ca\/wp-json\/wp\/v2\/posts\/6284\/revisions\/6286"}],"wp:featuredmedia":[{"embeddable":true,"href":"https:\/\/www.bocairent.org\/ca\/wp-json\/wp\/v2\/media\/6287"}],"wp:attachment":[{"href":"https:\/\/www.bocairent.org\/ca\/wp-json\/wp\/v2\/media?parent=6284"}],"wp:term":[{"taxonomy":"category","embeddable":true,"href":"https:\/\/www.bocairent.org\/ca\/wp-json\/wp\/v2\/categories?post=6284"},{"taxonomy":"post_tag","embeddable":true,"href":"https:\/\/www.bocairent.org\/ca\/wp-json\/wp\/v2\/tags?post=6284"}],"curies":[{"name":"wp","href":"https:\/\/api.w.org\/{rel}","templated":true}]}}