{"id":6288,"date":"2020-07-25T13:35:44","date_gmt":"2020-07-25T11:35:44","guid":{"rendered":"https:\/\/www.bocairent.org\/?p=6288"},"modified":"2020-09-15T13:45:46","modified_gmt":"2020-09-15T11:45:46","slug":"cita-previa-per-a-la-piscina-municipal","status":"publish","type":"post","link":"https:\/\/www.bocairent.org\/ca\/2020\/07\/cita-previa-per-a-la-piscina-municipal\/","title":{"rendered":"Cita pr\u00e8via per a la piscina municipal"},"content":{"rendered":"<p>Enguany l\u2019estiu \u00e9s diferent a tots els altres. Cal extremar les mesures d\u2019higiene i protecci\u00f3. Per aix\u00f2 l\u2019Ajuntament de Bocairent ha posat en marxa un sistema de cita pr\u00e8via a trav\u00e9s de la seua web.<\/p>\n<p>Caldr\u00e0 demanar la cita, almenys amb un dia d\u2019antel\u00b7laci\u00f3 i no es podran reservar m\u00e9s de 4 places per dia.<\/p>\n<a class=\"button small \" style=\"background-color:#000000 !important;color:#ffffff !important;border:1px solid #000000 !important;\" onclick=\"window.open('http:\/\/www.bocairent.es\/va\/event\/cita-previa', '_self')\">Demanar cita pr\u00e8via<\/a>\n<p>&nbsp;<\/p>\n","protected":false},"excerpt":{"rendered":"<p>Enguany l\u2019estiu \u00e9s diferent a tots els altres. Cal extremar les mesures d\u2019higiene i protecci\u00f3. Per aix\u00f2 l\u2019Ajuntament de Bocairent ha posat en marxa un sistema de cita pr\u00e8via a trav\u00e9s de la seua web. Caldr\u00e0 demanar la cita, almenys amb un dia d\u2019antel\u00b7laci\u00f3 i no [&hellip;]<\/p>\n","protected":false},"author":1,"featured_media":6292,"comment_status":"closed","ping_status":"closed","sticky":false,"template":"","format":"standard","meta":{"footnotes":""},"categories":[145],"tags":[44,146,217,216],"class_list":["post-6288","post","type-post","status-publish","format-standard","has-post-thumbnail","hentry","category-noticies","tag-bocairent","tag-bocairent-ca","tag-cita-previa","tag-piscina"],"_links":{"self":[{"href":"https:\/\/www.bocairent.org\/ca\/wp-json\/wp\/v2\/posts\/6288","targetHints":{"allow":["GET"]}}],"collection":[{"href":"https:\/\/www.bocairent.org\/ca\/wp-json\/wp\/v2\/posts"}],"about":[{"href":"https:\/\/www.bocairent.org\/ca\/wp-json\/wp\/v2\/types\/post"}],"author":[{"embeddable":true,"href":"https:\/\/www.bocairent.org\/ca\/wp-json\/wp\/v2\/users\/1"}],"replies":[{"embeddable":true,"href":"https:\/\/www.bocairent.org\/ca\/wp-json\/wp\/v2\/comments?post=6288"}],"version-history":[{"count":2,"href":"https:\/\/www.bocairent.org\/ca\/wp-json\/wp\/v2\/posts\/6288\/revisions"}],"predecessor-version":[{"id":6293,"href":"https:\/\/www.bocairent.org\/ca\/wp-json\/wp\/v2\/posts\/6288\/revisions\/6293"}],"wp:featuredmedia":[{"embeddable":true,"href":"https:\/\/www.bocairent.org\/ca\/wp-json\/wp\/v2\/media\/6292"}],"wp:attachment":[{"href":"https:\/\/www.bocairent.org\/ca\/wp-json\/wp\/v2\/media?parent=6288"}],"wp:term":[{"taxonomy":"category","embeddable":true,"href":"https:\/\/www.bocairent.org\/ca\/wp-json\/wp\/v2\/categories?post=6288"},{"taxonomy":"post_tag","embeddable":true,"href":"https:\/\/www.bocairent.org\/ca\/wp-json\/wp\/v2\/tags?post=6288"}],"curies":[{"name":"wp","href":"https:\/\/api.w.org\/{rel}","templated":true}]}}