{"id":6530,"date":"2020-09-24T09:59:26","date_gmt":"2020-09-24T07:59:26","guid":{"rendered":"https:\/\/www.bocairent.org\/?p=6530"},"modified":"2020-09-24T09:59:26","modified_gmt":"2020-09-24T07:59:26","slug":"dia-mundial-del-turisme","status":"publish","type":"post","link":"https:\/\/www.bocairent.org\/ca\/2020\/09\/dia-mundial-del-turisme\/","title":{"rendered":"Dia Mundial del Turisme"},"content":{"rendered":"<p>Amb motiu del <strong>Dia Mundial del Turisme<\/strong>, el 26 de setembre, hem preparat preparat dos rutes especials per con\u00e9ixer millor Bocairent i el seu entorn. Aix\u00f2 s\u00ed, sempre amb les mesures sanit\u00e0ries habituals i amb pr\u00e8via reserva, ja que l\u2019aforament est\u00e0 limitat. Cal destacar que enguany el D\u00eda del Turisme est\u00e0 dedicat al \u201cTurisme i Desenvolupament Rural\u201d.<\/p>\n<ul>\n<li>Dissabte 26: <strong>Ruta senderista pels or\u00edgens de la industrialitzaci\u00f3: el barranc dels Tarongers<\/strong>. Eixida des de la pla\u00e7a de l\u2019Ajuntament, a les 10 h.<\/li>\n<li>Diumenge 27: <strong>Ruta gastron\u00f2mica<\/strong>. Eixida des de la pla\u00e7a de l\u2019Ajuntament, a les 12 h.<\/li>\n<\/ul>\n<p><em>Preu<\/em>: 4 euros<br \/>\n<em>Informaci\u00f3 i inscripci\u00f3:<\/em> a l\u2019Oficina de Turisme (tel. 962 905 062 o <a href=\"mailto:bocairent@touristinfo.net\">bocairent@touristinfo.net<\/a>)<\/p>\n","protected":false},"excerpt":{"rendered":"<p>Amb motiu del Dia Mundial del Turisme, el 26 de setembre, hem preparat preparat dos rutes especials per con\u00e9ixer millor Bocairent i el seu entorn. Aix\u00f2 s\u00ed, sempre amb les mesures sanit\u00e0ries habituals i amb pr\u00e8via reserva, ja que l\u2019aforament est\u00e0 limitat. Cal destacar que enguany [&hellip;]<\/p>\n","protected":false},"author":1,"featured_media":6532,"comment_status":"closed","ping_status":"closed","sticky":false,"template":"","format":"standard","meta":{"footnotes":""},"categories":[145],"tags":[44,146,235,236],"class_list":["post-6530","post","type-post","status-publish","format-standard","has-post-thumbnail","hentry","category-noticies","tag-bocairent","tag-bocairent-ca","tag-ruta-barranc-dels-tarongers","tag-ruta-gastronomica"],"_links":{"self":[{"href":"https:\/\/www.bocairent.org\/ca\/wp-json\/wp\/v2\/posts\/6530","targetHints":{"allow":["GET"]}}],"collection":[{"href":"https:\/\/www.bocairent.org\/ca\/wp-json\/wp\/v2\/posts"}],"about":[{"href":"https:\/\/www.bocairent.org\/ca\/wp-json\/wp\/v2\/types\/post"}],"author":[{"embeddable":true,"href":"https:\/\/www.bocairent.org\/ca\/wp-json\/wp\/v2\/users\/1"}],"replies":[{"embeddable":true,"href":"https:\/\/www.bocairent.org\/ca\/wp-json\/wp\/v2\/comments?post=6530"}],"version-history":[{"count":1,"href":"https:\/\/www.bocairent.org\/ca\/wp-json\/wp\/v2\/posts\/6530\/revisions"}],"predecessor-version":[{"id":6533,"href":"https:\/\/www.bocairent.org\/ca\/wp-json\/wp\/v2\/posts\/6530\/revisions\/6533"}],"wp:featuredmedia":[{"embeddable":true,"href":"https:\/\/www.bocairent.org\/ca\/wp-json\/wp\/v2\/media\/6532"}],"wp:attachment":[{"href":"https:\/\/www.bocairent.org\/ca\/wp-json\/wp\/v2\/media?parent=6530"}],"wp:term":[{"taxonomy":"category","embeddable":true,"href":"https:\/\/www.bocairent.org\/ca\/wp-json\/wp\/v2\/categories?post=6530"},{"taxonomy":"post_tag","embeddable":true,"href":"https:\/\/www.bocairent.org\/ca\/wp-json\/wp\/v2\/tags?post=6530"}],"curies":[{"name":"wp","href":"https:\/\/api.w.org\/{rel}","templated":true}]}}