{"id":9538,"date":"2022-04-01T13:34:37","date_gmt":"2022-04-01T11:34:37","guid":{"rendered":"https:\/\/www.bocairent.org\/?p=9538"},"modified":"2022-04-01T13:34:37","modified_gmt":"2022-04-01T11:34:37","slug":"la-corda-al-mes-dabril","status":"publish","type":"post","link":"https:\/\/www.bocairent.org\/ca\/2022\/04\/la-corda-al-mes-dabril\/","title":{"rendered":"La Cord\u00e0, al mes d&#8217;abril"},"content":{"rendered":"<p>El dissabte 2 d&#8217;abril Bocairent celebrar\u00e0 la Cord\u00e0, un dels molts actes que no es van poder realitzar al febrer per la suspensi\u00f3 de les festes de Moros i Cristians. Una bona ocasi\u00f3 per tornar a gaudir del soroll, l\u2019olor i la llum de la p\u00f2lvora.<\/p>\n","protected":false},"excerpt":{"rendered":"<p>El dissabte 2 d&#8217;abril Bocairent celebrar\u00e0 la Cord\u00e0, un dels molts actes que no es van poder realitzar al febrer per la suspensi\u00f3 de les festes de Moros i Cristians. Una bona ocasi\u00f3 per tornar a gaudir del soroll, l\u2019olor i la llum de la p\u00f2lvora.<\/p>\n","protected":false},"author":1,"featured_media":9539,"comment_status":"closed","ping_status":"closed","sticky":false,"template":"","format":"standard","meta":{"footnotes":""},"categories":[145],"tags":[],"class_list":["post-9538","post","type-post","status-publish","format-standard","has-post-thumbnail","hentry","category-noticies"],"_links":{"self":[{"href":"https:\/\/www.bocairent.org\/ca\/wp-json\/wp\/v2\/posts\/9538","targetHints":{"allow":["GET"]}}],"collection":[{"href":"https:\/\/www.bocairent.org\/ca\/wp-json\/wp\/v2\/posts"}],"about":[{"href":"https:\/\/www.bocairent.org\/ca\/wp-json\/wp\/v2\/types\/post"}],"author":[{"embeddable":true,"href":"https:\/\/www.bocairent.org\/ca\/wp-json\/wp\/v2\/users\/1"}],"replies":[{"embeddable":true,"href":"https:\/\/www.bocairent.org\/ca\/wp-json\/wp\/v2\/comments?post=9538"}],"version-history":[{"count":1,"href":"https:\/\/www.bocairent.org\/ca\/wp-json\/wp\/v2\/posts\/9538\/revisions"}],"predecessor-version":[{"id":9542,"href":"https:\/\/www.bocairent.org\/ca\/wp-json\/wp\/v2\/posts\/9538\/revisions\/9542"}],"wp:featuredmedia":[{"embeddable":true,"href":"https:\/\/www.bocairent.org\/ca\/wp-json\/wp\/v2\/media\/9539"}],"wp:attachment":[{"href":"https:\/\/www.bocairent.org\/ca\/wp-json\/wp\/v2\/media?parent=9538"}],"wp:term":[{"taxonomy":"category","embeddable":true,"href":"https:\/\/www.bocairent.org\/ca\/wp-json\/wp\/v2\/categories?post=9538"},{"taxonomy":"post_tag","embeddable":true,"href":"https:\/\/www.bocairent.org\/ca\/wp-json\/wp\/v2\/tags?post=9538"}],"curies":[{"name":"wp","href":"https:\/\/api.w.org\/{rel}","templated":true}]}}