{"id":9606,"date":"2022-05-04T13:09:57","date_gmt":"2022-05-04T11:09:57","guid":{"rendered":"https:\/\/www.bocairent.org\/?p=9606"},"modified":"2022-05-04T13:09:57","modified_gmt":"2022-05-04T11:09:57","slug":"itinerari-fotografic-al-naixement-del-vinalopo","status":"publish","type":"post","link":"https:\/\/www.bocairent.org\/ca\/2022\/05\/itinerari-fotografic-al-naixement-del-vinalopo\/","title":{"rendered":"Itinerari fotogr\u00e0fic al naixement del Vinalop\u00f3"},"content":{"rendered":"<p>Itinerari guiat pel Parc Natural de la Serra Mariola fins a la cap\u00e7alera del riu Vinalop\u00f3, amb la col\u00b7laboraci\u00f3 de fot\u00f2graf <strong>Tono Burguete<\/strong>, expert en fotografia de paisatge, patrimoni, fauna y flora.<\/p>\n<ul>\n<li><em>Dia<\/em>: Dissabte 14 de maig<\/li>\n<li><em>Eixid<\/em>a: 9 hores<\/li>\n<li><em>Lloc de trobada<\/em>: Al comen\u00e7ament de la pista de Guilella (CV-794 Bocairent-Alcoi)<\/li>\n<li><em>Inscripcions<\/em>: 962 350 014 o <a href=\"mailto:mediambient@bocairent.es\">mediambient@bocairent.es<\/a><\/li>\n<\/ul>\n","protected":false},"excerpt":{"rendered":"<p>Itinerari guiat pel Parc Natural de la Serra Mariola fins a la cap\u00e7alera del riu Vinalop\u00f3, amb la col\u00b7laboraci\u00f3 de fot\u00f2graf Tono Burguete, expert en fotografia de paisatge, patrimoni, fauna y flora. Dia: Dissabte 14 de maig Eixida: 9 hores Lloc de trobada: Al comen\u00e7ament de [&hellip;]<\/p>\n","protected":false},"author":1,"featured_media":9607,"comment_status":"closed","ping_status":"closed","sticky":false,"template":"","format":"standard","meta":{"footnotes":""},"categories":[145],"tags":[],"class_list":["post-9606","post","type-post","status-publish","format-standard","has-post-thumbnail","hentry","category-noticies"],"_links":{"self":[{"href":"https:\/\/www.bocairent.org\/ca\/wp-json\/wp\/v2\/posts\/9606","targetHints":{"allow":["GET"]}}],"collection":[{"href":"https:\/\/www.bocairent.org\/ca\/wp-json\/wp\/v2\/posts"}],"about":[{"href":"https:\/\/www.bocairent.org\/ca\/wp-json\/wp\/v2\/types\/post"}],"author":[{"embeddable":true,"href":"https:\/\/www.bocairent.org\/ca\/wp-json\/wp\/v2\/users\/1"}],"replies":[{"embeddable":true,"href":"https:\/\/www.bocairent.org\/ca\/wp-json\/wp\/v2\/comments?post=9606"}],"version-history":[{"count":1,"href":"https:\/\/www.bocairent.org\/ca\/wp-json\/wp\/v2\/posts\/9606\/revisions"}],"predecessor-version":[{"id":9610,"href":"https:\/\/www.bocairent.org\/ca\/wp-json\/wp\/v2\/posts\/9606\/revisions\/9610"}],"wp:featuredmedia":[{"embeddable":true,"href":"https:\/\/www.bocairent.org\/ca\/wp-json\/wp\/v2\/media\/9607"}],"wp:attachment":[{"href":"https:\/\/www.bocairent.org\/ca\/wp-json\/wp\/v2\/media?parent=9606"}],"wp:term":[{"taxonomy":"category","embeddable":true,"href":"https:\/\/www.bocairent.org\/ca\/wp-json\/wp\/v2\/categories?post=9606"},{"taxonomy":"post_tag","embeddable":true,"href":"https:\/\/www.bocairent.org\/ca\/wp-json\/wp\/v2\/tags?post=9606"}],"curies":[{"name":"wp","href":"https:\/\/api.w.org\/{rel}","templated":true}]}}