{"id":9769,"date":"2022-07-14T14:13:55","date_gmt":"2022-07-14T12:13:55","guid":{"rendered":"https:\/\/www.bocairent.org\/?p=9769"},"modified":"2022-07-18T10:31:18","modified_gmt":"2022-07-18T08:31:18","slug":"festes-destiu-de-sant-agusti-2022","status":"publish","type":"post","link":"https:\/\/www.bocairent.org\/ca\/2022\/07\/festes-destiu-de-sant-agusti-2022\/","title":{"rendered":"Festes d&#8217;Estiu de Sant Agust\u00ed 2022"},"content":{"rendered":"<p>El 8 de juliol es presentava el cartell anunciador de les festes d&#8217;estiu de Sant Agust\u00ed, declarades recentment BICI per la Generalitat Valenciana. L&#8217;autor del cartell \u00e9s Jorge Lawuerta i \u00e9s la imatge que ens acompanyar\u00e0 durant totes les festes.<\/p>\n<p>Dissabte 16 de juliol es realitzar\u00e0 l&#8217;acte de proclamaci\u00f3 de la Clavariessa Major 2022, que enguany \u00e9s M\u00aa Amparo Molina i Molina i la seua Cort d&#8217;Honor. Ser\u00e0 a la pla\u00e7a de Bous, a partir de les 20. 30 hores.<\/p>\n<p><a href=\"https:\/\/www.bocairent.org\/wp-content\/uploads\/2022\/07\/Prog_Ma_SantAgusti_2022_baixa.pdf\" target=\"_blank\" rel=\"noopener\">Descarrega&#8217;t el programa complet<\/a><\/p>\n<p><a href=\"https:\/\/www.bocairent.org\/wp-content\/uploads\/2022\/07\/clavariessa-2022.jpg\"><img loading=\"lazy\" decoding=\"async\" class=\"alignleft size-medium wp-image-9765\" src=\"https:\/\/www.bocairent.org\/wp-content\/uploads\/2022\/07\/clavariessa-2022-192x300.jpg\" alt=\"\" width=\"192\" height=\"300\" srcset=\"https:\/\/www.bocairent.org\/wp-content\/uploads\/2022\/07\/clavariessa-2022-192x300.jpg 192w, https:\/\/www.bocairent.org\/wp-content\/uploads\/2022\/07\/clavariessa-2022-96x150.jpg 96w, https:\/\/www.bocairent.org\/wp-content\/uploads\/2022\/07\/clavariessa-2022-440x688.jpg 440w, https:\/\/www.bocairent.org\/wp-content\/uploads\/2022\/07\/clavariessa-2022.jpg 526w\" sizes=\"auto, (max-width: 192px) 100vw, 192px\" \/><\/a> <a href=\"https:\/\/www.bocairent.org\/wp-content\/uploads\/2022\/07\/cartell-2022.jpg\"><img loading=\"lazy\" decoding=\"async\" class=\"alignleft size-medium wp-image-9762\" src=\"https:\/\/www.bocairent.org\/wp-content\/uploads\/2022\/07\/cartell-2022-214x300.jpg\" alt=\"\" width=\"214\" height=\"300\" srcset=\"https:\/\/www.bocairent.org\/wp-content\/uploads\/2022\/07\/cartell-2022-214x300.jpg 214w, https:\/\/www.bocairent.org\/wp-content\/uploads\/2022\/07\/cartell-2022-107x150.jpg 107w, https:\/\/www.bocairent.org\/wp-content\/uploads\/2022\/07\/cartell-2022-440x616.jpg 440w, https:\/\/www.bocairent.org\/wp-content\/uploads\/2022\/07\/cartell-2022.jpg 686w\" sizes=\"auto, (max-width: 214px) 100vw, 214px\" \/><\/a><\/p>\n<p>&nbsp;<\/p>\n","protected":false},"excerpt":{"rendered":"<p>El 8 de juliol es presentava el cartell anunciador de les festes d&#8217;estiu de Sant Agust\u00ed, declarades recentment BICI per la Generalitat Valenciana. L&#8217;autor del cartell \u00e9s Jorge Lawuerta i \u00e9s la imatge que ens acompanyar\u00e0 durant totes les festes. Dissabte 16 de juliol es realitzar\u00e0 [&hellip;]<\/p>\n","protected":false},"author":1,"featured_media":9763,"comment_status":"closed","ping_status":"closed","sticky":false,"template":"","format":"standard","meta":{"footnotes":""},"categories":[145],"tags":[],"class_list":["post-9769","post","type-post","status-publish","format-standard","has-post-thumbnail","hentry","category-noticies"],"_links":{"self":[{"href":"https:\/\/www.bocairent.org\/ca\/wp-json\/wp\/v2\/posts\/9769","targetHints":{"allow":["GET"]}}],"collection":[{"href":"https:\/\/www.bocairent.org\/ca\/wp-json\/wp\/v2\/posts"}],"about":[{"href":"https:\/\/www.bocairent.org\/ca\/wp-json\/wp\/v2\/types\/post"}],"author":[{"embeddable":true,"href":"https:\/\/www.bocairent.org\/ca\/wp-json\/wp\/v2\/users\/1"}],"replies":[{"embeddable":true,"href":"https:\/\/www.bocairent.org\/ca\/wp-json\/wp\/v2\/comments?post=9769"}],"version-history":[{"count":2,"href":"https:\/\/www.bocairent.org\/ca\/wp-json\/wp\/v2\/posts\/9769\/revisions"}],"predecessor-version":[{"id":9781,"href":"https:\/\/www.bocairent.org\/ca\/wp-json\/wp\/v2\/posts\/9769\/revisions\/9781"}],"wp:featuredmedia":[{"embeddable":true,"href":"https:\/\/www.bocairent.org\/ca\/wp-json\/wp\/v2\/media\/9763"}],"wp:attachment":[{"href":"https:\/\/www.bocairent.org\/ca\/wp-json\/wp\/v2\/media?parent=9769"}],"wp:term":[{"taxonomy":"category","embeddable":true,"href":"https:\/\/www.bocairent.org\/ca\/wp-json\/wp\/v2\/categories?post=9769"},{"taxonomy":"post_tag","embeddable":true,"href":"https:\/\/www.bocairent.org\/ca\/wp-json\/wp\/v2\/tags?post=9769"}],"curies":[{"name":"wp","href":"https:\/\/api.w.org\/{rel}","templated":true}]}}