{"id":9940,"date":"2022-10-10T11:33:56","date_gmt":"2022-10-10T09:33:56","guid":{"rendered":"https:\/\/www.bocairent.org\/?p=9940"},"modified":"2022-10-10T11:33:56","modified_gmt":"2022-10-10T09:33:56","slug":"volta-a-la-mariola-tardor","status":"publish","type":"post","link":"https:\/\/www.bocairent.org\/ca\/2022\/10\/volta-a-la-mariola-tardor\/","title":{"rendered":"Volta a la Mariola Tardor"},"content":{"rendered":"<p>Tornen les visites i les rutes guiades pels pobles de la Mariola.<\/p>\n<p>A Bocairent el dia assenyalat \u00e9s el 22 d&#8217;octubre amb una ruta cultural pel Barri Medieval, el Centre d&#8217;Interpretaci\u00f3 de les Covetes dels Moros, la Cava de Sant Blai i la pla\u00e7a de Bous.<\/p>\n<p><strong>Reserves:<\/strong> 96 290 50 62 &#8211;\u00a0<a href=\"mailto:bocairent@serramariola.org\">bocairent@serramariola.org<\/a>\u00a0&#8211; o a les oficines de turisme de la resta de poblacions.<\/p>\n<p><a href=\"https:\/\/www.bocairent.org\/wp-content\/uploads\/2022\/10\/Fullet_A5_volta_VALENCIA_TARD2022.pdf\" target=\"_blank\" rel=\"noopener\"><strong>Descarrega&#8217;t la programaci\u00f3 completa de la Volta a la Mariola Tardor 2022<\/strong><\/a><\/p>\n","protected":false},"excerpt":{"rendered":"<p>Tornen les visites i les rutes guiades pels pobles de la Mariola. A Bocairent el dia assenyalat \u00e9s el 22 d&#8217;octubre amb una ruta cultural pel Barri Medieval, el Centre d&#8217;Interpretaci\u00f3 de les Covetes dels Moros, la Cava de Sant Blai i la pla\u00e7a de Bous. [&hellip;]<\/p>\n","protected":false},"author":1,"featured_media":9947,"comment_status":"closed","ping_status":"closed","sticky":false,"template":"","format":"standard","meta":{"footnotes":""},"categories":[145],"tags":[],"class_list":["post-9940","post","type-post","status-publish","format-standard","has-post-thumbnail","hentry","category-noticies"],"_links":{"self":[{"href":"https:\/\/www.bocairent.org\/ca\/wp-json\/wp\/v2\/posts\/9940","targetHints":{"allow":["GET"]}}],"collection":[{"href":"https:\/\/www.bocairent.org\/ca\/wp-json\/wp\/v2\/posts"}],"about":[{"href":"https:\/\/www.bocairent.org\/ca\/wp-json\/wp\/v2\/types\/post"}],"author":[{"embeddable":true,"href":"https:\/\/www.bocairent.org\/ca\/wp-json\/wp\/v2\/users\/1"}],"replies":[{"embeddable":true,"href":"https:\/\/www.bocairent.org\/ca\/wp-json\/wp\/v2\/comments?post=9940"}],"version-history":[{"count":1,"href":"https:\/\/www.bocairent.org\/ca\/wp-json\/wp\/v2\/posts\/9940\/revisions"}],"predecessor-version":[{"id":9950,"href":"https:\/\/www.bocairent.org\/ca\/wp-json\/wp\/v2\/posts\/9940\/revisions\/9950"}],"wp:featuredmedia":[{"embeddable":true,"href":"https:\/\/www.bocairent.org\/ca\/wp-json\/wp\/v2\/media\/9947"}],"wp:attachment":[{"href":"https:\/\/www.bocairent.org\/ca\/wp-json\/wp\/v2\/media?parent=9940"}],"wp:term":[{"taxonomy":"category","embeddable":true,"href":"https:\/\/www.bocairent.org\/ca\/wp-json\/wp\/v2\/categories?post=9940"},{"taxonomy":"post_tag","embeddable":true,"href":"https:\/\/www.bocairent.org\/ca\/wp-json\/wp\/v2\/tags?post=9940"}],"curies":[{"name":"wp","href":"https:\/\/api.w.org\/{rel}","templated":true}]}}